{"id":3510,"date":"2025-06-27T22:04:33","date_gmt":"2025-06-27T20:04:33","guid":{"rendered":"https:\/\/www.nocturnus-film.de\/home\/?p=3510"},"modified":"2025-06-28T00:33:28","modified_gmt":"2025-06-27T22:33:28","slug":"begegnung-mit-osteuropa","status":"publish","type":"post","link":"https:\/\/www.nocturnus-film.de\/home\/begegnung-mit-osteuropa\/","title":{"rendered":"Begegnung mit Osteuropa"},"content":{"rendered":"<p style=\"text-align: justify;\"><span style=\"font-family: helvetica, arial, sans-serif; font-size: 14pt;\">Durch die Arbeit am <a href=\"https:\/\/www.nocturnus-film.de\/home\/filmprojekte\/im-ruecken-der-geschichte-dokumentarfilm\/\"><strong>Dokumentarfilm &#8222;Im R\u00fccken der Geschichte &#8211; Die verlorenen D\u00f6rfer von Masuren&#8220;<\/strong><\/a> und die h\u00e4ufige Kooperation mit dem D\u00fcsseldorfer Gerhart-Hauptmann-Haus und Dr. Sabine Grabowski (siehe auch die Doku <a href=\"https:\/\/www.nocturnus-film.de\/home\/filmprojekte\/dokumentationen\/\"><strong>&#8222;Krieg im Bild &#8211; Entstehung eines Triptychons&#8220;<\/strong><\/a>) habe ich mich schon h\u00e4ufig filmisch mit dem Verh\u00e4ltnis zwischen Deutschland und den osteurop\u00e4ischen Nachbarl\u00e4ndern auseinander gesetzt. Die Geschichte aller europ\u00e4ischen L\u00e4nder und Bev\u00f6lkerungsgruppen ist seit Jahrtausenden aufs Engste miteinander verkn\u00fcpft. Keine Landesgeschichte kann ohne die Einbeziehung der Geschichte der n\u00e4heren und weiter entfernten Nachbarn erz\u00e4hlt werden. Die Vergangenheiten \u00fcberkreuzen und erg\u00e4nzen sich, sind allzu oft auf gewaltt\u00e4tigste Art implodiert und erz\u00e4hlen dennoch im Kern ein- und dieselbe Botschaft:<\/span><\/p>\n<p style=\"text-align: justify;\"><span style=\"font-family: helvetica, arial, sans-serif; font-size: 14pt;\"><strong>Dass wir alle gemeinsam auf diesem kleinen Kontinent Europa leben, unsere Schicksale miteinander verkn\u00fcpft und wir verwandter sind als wir manchmal vermuten.<\/strong><\/span><\/p>\n<p style=\"text-align: justify;\"><span style=\"font-family: helvetica, arial, sans-serif; font-size: 14pt;\">Seit mehreren Jahren nun nehme ich als Jurymitglied regelm\u00e4\u00dfig teil am <a href=\"https:\/\/www.bezreg-muenster.de\/de\/schuelerwettbewerb\/index.html\" target=\"_blank\" rel=\"noopener\"><strong>Sch\u00fclerwettbewerb &#8211; Begegnung mit Osteuropa<\/strong><\/a>, einem Projekt der <a href=\"https:\/\/www.bezreg-muenster.de\/de\/wir_ueber_uns\/bezirksregierung\/index.html\" target=\"_blank\" rel=\"noopener\">Bezirksregierung M\u00fcnster<\/a>, die unter der Leitung von Sonja Smodis diese einzigartige, komplexe und dynamische Geschichte reflektiert und in das Beste verwandelt, das die Menschen \u00fcberhaupt hervorbringen: in <strong>Kunst<\/strong>.<\/span><\/p>\n<figure id=\"attachment_1896\" aria-describedby=\"caption-attachment-1896\" style=\"width: 640px\" class=\"wp-caption aligncenter\"><img loading=\"lazy\" decoding=\"async\" class=\"size-large wp-image-1896\" src=\"https:\/\/www.nocturnus-film.de\/home\/wp-content\/uploads\/2016\/03\/Krieg-im-Bild-Dokumentation-3-1024x576.jpg\" alt=\"Ein Sch\u00fcler beim Malen\" width=\"640\" height=\"360\" srcset=\"https:\/\/www.nocturnus-film.de\/home\/wp-content\/uploads\/2016\/03\/Krieg-im-Bild-Dokumentation-3-1024x576.jpg 1024w, https:\/\/www.nocturnus-film.de\/home\/wp-content\/uploads\/2016\/03\/Krieg-im-Bild-Dokumentation-3-300x169.jpg 300w, https:\/\/www.nocturnus-film.de\/home\/wp-content\/uploads\/2016\/03\/Krieg-im-Bild-Dokumentation-3-768x432.jpg 768w, https:\/\/www.nocturnus-film.de\/home\/wp-content\/uploads\/2016\/03\/Krieg-im-Bild-Dokumentation-3.jpg 1791w\" sizes=\"auto, (max-width: 640px) 100vw, 640px\" \/><figcaption id=\"caption-attachment-1896\" class=\"wp-caption-text\"><em><span style=\"font-family: helvetica, arial, sans-serif; font-size: 10pt;\">Die Erstellung eines Triptychons<\/span><\/em><\/figcaption><\/figure>\n<p style=\"text-align: justify;\"><span style=\"font-family: helvetica, arial, sans-serif; font-size: 14pt;\">Tausende von Sch\u00fclern aus Nordrhein-Westfalen und osteurop\u00e4ischen L\u00e4ndern wie Polen, der Ukraine, Moldawien, Ungarn, der Slowakei oder Tschechien haben in den 72 Jahren, in denen es diesen Wettbewerb bereits gibt, gemeinsam oder allein Kunst produziert.<\/span><\/p>\n<p style=\"text-align: justify;\"><span style=\"font-family: helvetica, arial, sans-serif; font-size: 14pt;\">Von gemalten Bildern \u00fcber Skulpturen, Filmen, Fotoreihen, Kochb\u00fcchern, Collagen oder Dokumentationen, in denen die Geschichte Osteuropas aufgearbeitet wird; die Werke sind jedes Mal frisch, \u00fcberraschend und stimmen optimistisch: <strong>Die Sch\u00fcler erz\u00e4hlen von ihren W\u00fcnschen und Hoffnungen f\u00fc<span style=\"font-family: helvetica, arial, sans-serif; font-size: 14pt;\">r Europa, ihrem Traum von einem friedlichen Miteinander, von Kooperation und dem Recht jedes Menschen, ein selbstbestimmtes, freiheitliches und offenes Leben zu leben.<\/span><\/strong><\/span><\/p>\n<p style=\"text-align: justify;\"><span style=\"font-family: helvetica, arial, sans-serif; font-size: 14pt;\">Allein in diesem Jahr erreichten \u00fcber <strong>2000 Kunstwerk<\/strong>e die Bezirksregierung M\u00fcnster von insgesamt \u00fcber <strong>5000 Sch\u00fclern aus 13 ost- und mitteleurop\u00e4ischen L\u00e4ndern<\/strong>. Eine wahnsinnig beeindruckende Leistung und ein klares Signal f\u00fcr ein starkes, kreatives und kooperatives Leben auf unserem Kontinent. Es ist nie leicht f\u00fcr die insgesamt 40 Juroren, aus den vielen Einsendungen die Gewinner zu ermitteln, deren Arbeiten am \u00fcberzeugendsten, st\u00e4rksten, beeindruckendsten oder ergreifendsten waren. Doch auch in diesem Jahr (gestern, um genau zu sein) war es wieder soweit.\u00a0<\/span><\/p>\n<figure id=\"attachment_3512\" aria-describedby=\"caption-attachment-3512\" style=\"width: 640px\" class=\"wp-caption aligncenter\"><img loading=\"lazy\" decoding=\"async\" class=\"size-large wp-image-3512\" src=\"https:\/\/www.nocturnus-film.de\/home\/wp-content\/uploads\/2025\/06\/Schuelerwettbewerb_Osteuropa_Theo_Mettenborg-1024x576.jpg\" alt=\"B\u00fcrgermeister Theo Mettenborg bei der Er\u00f6ffnung der Preisverleihung\" width=\"640\" height=\"360\" srcset=\"https:\/\/www.nocturnus-film.de\/home\/wp-content\/uploads\/2025\/06\/Schuelerwettbewerb_Osteuropa_Theo_Mettenborg-1024x576.jpg 1024w, https:\/\/www.nocturnus-film.de\/home\/wp-content\/uploads\/2025\/06\/Schuelerwettbewerb_Osteuropa_Theo_Mettenborg-300x169.jpg 300w, https:\/\/www.nocturnus-film.de\/home\/wp-content\/uploads\/2025\/06\/Schuelerwettbewerb_Osteuropa_Theo_Mettenborg-768x432.jpg 768w, https:\/\/www.nocturnus-film.de\/home\/wp-content\/uploads\/2025\/06\/Schuelerwettbewerb_Osteuropa_Theo_Mettenborg-1536x864.jpg 1536w, https:\/\/www.nocturnus-film.de\/home\/wp-content\/uploads\/2025\/06\/Schuelerwettbewerb_Osteuropa_Theo_Mettenborg-850x478.jpg 850w, https:\/\/www.nocturnus-film.de\/home\/wp-content\/uploads\/2025\/06\/Schuelerwettbewerb_Osteuropa_Theo_Mettenborg.jpg 1920w\" sizes=\"auto, (max-width: 640px) 100vw, 640px\" \/><figcaption id=\"caption-attachment-3512\" class=\"wp-caption-text\"><span style=\"font-size: 10pt; font-family: helvetica, arial, sans-serif;\"><em>B\u00fcrgermeister Theo Wettenborg beim Sch\u00fclerwettbewerb &#8211; Begegnung mt Osteuropa<\/em><\/span><\/figcaption><\/figure>\n<p style=\"text-align: justify;\"><span style=\"font-family: helvetica, arial, sans-serif; font-size: 14pt;\">In der frisch erbauten Stadthalle von <strong>Rheda-Wiedenbr\u00fcck<\/strong> fand die gro\u00dfe Preisverleihung mit \u00fcber 150 Besuchern statt und die <strong>40 Preistr\u00e4ger<\/strong> bekamen von Dr. Dominik Paul, dem Abteilungsleiter im <a href=\"https:\/\/www.mkw.nrw\/\" target=\"_blank\" rel=\"noopener\"><strong>Ministerium f\u00fcr Kultur und Wissenschaft des Landes Nordrhein-Westfalen<\/strong><\/a>, ihre Preise \u00fcberreicht. Viele junge K\u00fcnstler waren daf\u00fcr extra aus Slowenien, der Ukraine, Kroatien und anderen L\u00e4ndern angereist und nahmen stolz ihre Urkunden und Preise entgegen.<\/span><\/p>\n<p style=\"text-align: justify;\"><span style=\"font-family: helvetica, arial, sans-serif; font-size: 14pt;\">Ich (Daniel Raboldt) war zum ersten Mal auch bei der Verleihung dabei, denn ich arbeite momentan an einem <strong>Imagefilm<\/strong> \u00fcber den Wettbewerb. Im M\u00e4rz habe ich bereits die <strong>mehrt\u00e4gige Jurorentagung<\/strong> (an der ich ja ohnehin teilgenommen habe) begleitet, um die Arbeit der Jury zu dokumentieren. Ich freue mich schon wahnsinnig auf den Wettbewerb im n\u00e4chsten Jahr 2026, wenn das neue Thema lautet:<strong> \u201eEUROPA \u2013 WestOstW\u00e4rts!\u201c<\/strong><\/span><\/p>\n<p><span style=\"font-family: helvetica, arial, sans-serif; font-size: 14pt;\">Und sollte es hier mitlesende Lehrer aus NRW geben, die noch nach <strong>Kontakten f\u00fcr Partnerschulen<\/strong> in Osteuropa suchen, dann werden sie <a href=\"https:\/\/www.bezreg-muenster.de\/de\/schuelerwettbewerb\/schulkontakte\/index.html\" target=\"_blank\" rel=\"noopener\"><strong>hier<\/strong><\/a> f\u00fcndig.<\/span><\/p>\n","protected":false},"excerpt":{"rendered":"<p>Durch die Arbeit am Dokumentarfilm &#8222;Im R\u00fccken der Geschichte &#8211; Die verlorenen D\u00f6rfer von Masuren&#8220; und die h\u00e4ufige Kooperation mit dem D\u00fcsseldorfer Gerhart-Hauptmann-Haus und Dr. Sabine Grabowski (siehe auch die Doku &#8222;Krieg im Bild &#8211; Entstehung eines Triptychons&#8220;) habe ich mich schon h\u00e4ufig filmisch mit dem Verh\u00e4ltnis zwischen Deutschland und den osteurop\u00e4ischen Nachbarl\u00e4ndern auseinander gesetzt&#8230;.<\/p>\n","protected":false},"author":1,"featured_media":3511,"comment_status":"closed","ping_status":"closed","sticky":false,"template":"","format":"standard","meta":{"footnotes":""},"categories":[52,470],"tags":[659,3,534,579,621,624,658,657],"class_list":["post-3510","post","type-post","status-publish","format-standard","has-post-thumbnail","hentry","category-news","category-sonstiges","tag-begegnung-mit-osteuropa","tag-daniel-raboldt","tag-doku","tag-imagefilm","tag-jury","tag-kunst","tag-muenster","tag-schuelerwettbewerb"],"aioseo_notices":[],"_links":{"self":[{"href":"https:\/\/www.nocturnus-film.de\/home\/wp-json\/wp\/v2\/posts\/3510","targetHints":{"allow":["GET"]}}],"collection":[{"href":"https:\/\/www.nocturnus-film.de\/home\/wp-json\/wp\/v2\/posts"}],"about":[{"href":"https:\/\/www.nocturnus-film.de\/home\/wp-json\/wp\/v2\/types\/post"}],"author":[{"embeddable":true,"href":"https:\/\/www.nocturnus-film.de\/home\/wp-json\/wp\/v2\/users\/1"}],"replies":[{"embeddable":true,"href":"https:\/\/www.nocturnus-film.de\/home\/wp-json\/wp\/v2\/comments?post=3510"}],"version-history":[{"count":4,"href":"https:\/\/www.nocturnus-film.de\/home\/wp-json\/wp\/v2\/posts\/3510\/revisions"}],"predecessor-version":[{"id":3518,"href":"https:\/\/www.nocturnus-film.de\/home\/wp-json\/wp\/v2\/posts\/3510\/revisions\/3518"}],"wp:featuredmedia":[{"embeddable":true,"href":"https:\/\/www.nocturnus-film.de\/home\/wp-json\/wp\/v2\/media\/3511"}],"wp:attachment":[{"href":"https:\/\/www.nocturnus-film.de\/home\/wp-json\/wp\/v2\/media?parent=3510"}],"wp:term":[{"taxonomy":"category","embeddable":true,"href":"https:\/\/www.nocturnus-film.de\/home\/wp-json\/wp\/v2\/categories?post=3510"},{"taxonomy":"post_tag","embeddable":true,"href":"https:\/\/www.nocturnus-film.de\/home\/wp-json\/wp\/v2\/tags?post=3510"}],"curies":[{"name":"wp","href":"https:\/\/api.w.org\/{rel}","templated":true}]}}