{"id":2054,"date":"2016-07-18T20:38:49","date_gmt":"2016-07-18T18:38:49","guid":{"rendered":"http:\/\/www.nocturnus-film.de\/home\/?p=2054"},"modified":"2017-08-24T18:24:47","modified_gmt":"2017-08-24T16:24:47","slug":"molekulare-biologie-in-barcelona","status":"publish","type":"post","link":"https:\/\/www.nocturnus-film.de\/home\/molekulare-biologie-in-barcelona\/","title":{"rendered":"Molekulare Biologie in Barcelona!"},"content":{"rendered":"<p style=\"text-align: justify;\">Hey, gute Nachrichten!<\/p>\n<p style=\"text-align: justify;\">Unser Kurzfilm <a href=\"https:\/\/www.nocturnus-film.de\/home\/asservatenkammer\/die-molekularbiologin\/\" target=\"_blank\">&#8222;Die\u00a0Molekularbiologin&#8220;<\/a>, der im letzten Jahr f\u00fcr das <a href=\"http:\/\/www.2880-filmfestival.de\/\">2880 Filmfestival in Leverkusen<\/a> entstanden ist, ist\u00a0in die Finalisten f\u00fcr das <a href=\"http:\/\/www.fantosfreak.com\/\">Fantosfreak Festival in Barcelona<\/a> gew\u00e4hlt worden und lief dort am 13. Juli 2016 als einer von 48 durchgeknallten Fantasy-SciFi-Filmen.<\/p>\n<p style=\"text-align: justify;\">Vielen Dank an die Festivaljury, dass sie uns ausgew\u00e4hlt hat. Es war uns eine Ehre. Und falls ihr unseren kleinen 6-Min\u00fcter\u00a0noch nicht kennen solltet (oder noch mal schauen m\u00f6chtet), dann w\u00fcnsche ich Euch viel Spa\u00df bei &#8222;Die Molekularbiologin&#8220;.<\/p>\n<p style=\"text-align: justify;\">Bis dann,<\/p>\n<p style=\"text-align: justify;\">Euer Daniel<\/p>\n<p><iframe loading=\"lazy\" src=\"https:\/\/www.youtube.com\/embed\/7C0HSWLVweY\" width=\"640\" height=\"360\" frameborder=\"0\" allowfullscreen=\"allowfullscreen\"><\/iframe><\/p>\n","protected":false},"excerpt":{"rendered":"<p>Hey, gute Nachrichten! Unser Kurzfilm &#8222;Die\u00a0Molekularbiologin&#8220;, der im letzten Jahr f\u00fcr das 2880 Filmfestival in Leverkusen entstanden ist, ist\u00a0in die Finalisten f\u00fcr das Fantosfreak Festival in Barcelona gew\u00e4hlt worden und lief dort am 13. Juli 2016 als einer von 48 durchgeknallten Fantasy-SciFi-Filmen. Vielen Dank an die Festivaljury, dass sie uns ausgew\u00e4hlt hat. Es war uns&#8230;<\/p>\n","protected":false},"author":1,"featured_media":1753,"comment_status":"closed","ping_status":"closed","sticky":false,"template":"","format":"video","meta":{"footnotes":""},"categories":[463,469,52],"tags":[17,165,7,132,41,14],"class_list":["post-2054","post","type-post","status-publish","format-video","has-post-thumbnail","hentry","category-festivals-und-preise","category-kurzfilme","category-news","tag-17","tag-comedy","tag-film","tag-komodie","tag-kurzfilm","tag-science-fiction","post_format-post-format-video"],"aioseo_notices":[],"aioseo_head":"\n\t\t<!-- All in One SEO 5.0.1.1 - aioseo.com -->\n\t<meta name=\"description\" content=\"Unser Kurzfilm &quot;Die Molekularbiologin&quot; mit Axel Ricke, Maik Evers und Daniel Raboldt ist unter den Finalisten des Fantosfreak Festival in Barcelona!\" \/>\n\t<meta name=\"robots\" content=\"max-image-preview:large\" \/>\n\t<meta name=\"author\" content=\"Daniel Raboldt\"\/>\n\t<meta name=\"google-site-verification\" content=\"36Q6z7MocUHZk8DOADSLUXWuhJASGq4JsBZ9KhXOGcI\" \/>\n\t<meta name=\"keywords\" content=\"fantosfreak,barcelona,filmfestival,kurzfilm,film,scifi,space,biology,science,fantasy,daniel raboldt,maik evers,axel ricke,2880,comedy,kom\u00f6die,science fiction\" \/>\n\t<link rel=\"canonical\" href=\"https:\/\/www.nocturnus-film.de\/home\/molekulare-biologie-in-barcelona\/\" \/>\n\t<meta name=\"generator\" content=\"All in One SEO (AIOSEO) 5.0.1.1\" \/>\n\t\t<meta property=\"og:locale\" content=\"de_DE\" \/>\n\t\t<meta property=\"og:site_name\" content=\"NOCTURNUS FILM | Film, Animation und VFX in NRW\" \/>\n\t\t<meta property=\"og:type\" content=\"article\" \/>\n\t\t<meta property=\"og:title\" content=\"&quot;Die Molekularbiologin&quot; in Barcelona! | NOCTURNUS FILM\" \/>\n\t\t<meta property=\"og:description\" content=\"Unser Kurzfilm &quot;Die Molekularbiologin&quot; mit Axel Ricke, Maik Evers und Daniel Raboldt ist unter den Finalisten des Fantosfreak Festival in Barcelona!\" \/>\n\t\t<meta property=\"og:url\" content=\"https:\/\/www.nocturnus-film.de\/home\/molekulare-biologie-in-barcelona\/\" \/>\n\t\t<meta property=\"article:published_time\" content=\"2016-07-18T18:38:49+00:00\" \/>\n\t\t<meta property=\"article:modified_time\" content=\"2017-08-24T16:24:47+00:00\" \/>\n\t\t<meta name=\"twitter:card\" content=\"summary\" \/>\n\t\t<meta name=\"twitter:title\" content=\"&quot;Die Molekularbiologin&quot; in Barcelona! | NOCTURNUS FILM\" \/>\n\t\t<meta name=\"twitter:description\" content=\"Unser Kurzfilm &quot;Die Molekularbiologin&quot; mit Axel Ricke, Maik Evers und Daniel Raboldt ist unter den Finalisten des Fantosfreak Festival in Barcelona!\" \/>\n\t\t<script type=\"application\/ld+json\" class=\"aioseo-schema\">\n\t\t\t{\"@context\":\"https:\\\/\\\/schema.org\",\"@graph\":[{\"@type\":\"Article\",\"@id\":\"https:\\\/\\\/www.nocturnus-film.de\\\/home\\\/molekulare-biologie-in-barcelona\\\/#article\",\"name\":\"\\\"Die Molekularbiologin\\\" in Barcelona! | NOCTURNUS FILM\",\"headline\":\"Molekulare Biologie in Barcelona!\",\"author\":{\"@id\":\"https:\\\/\\\/www.nocturnus-film.de\\\/home\\\/author\\\/admin\\\/#author\"},\"publisher\":{\"@id\":\"https:\\\/\\\/www.nocturnus-film.de\\\/home\\\/#person\"},\"image\":{\"@type\":\"ImageObject\",\"url\":\"https:\\\/\\\/www.nocturnus-film.de\\\/home\\\/wp-content\\\/uploads\\\/2009\\\/09\\\/Molekuel-Film-Kurzfilm-1-e1456585649380.jpg\",\"width\":650,\"height\":82},\"datePublished\":\"2016-07-18T20:38:49+02:00\",\"dateModified\":\"2017-08-24T18:24:47+02:00\",\"inLanguage\":\"de-DE\",\"mainEntityOfPage\":{\"@id\":\"https:\\\/\\\/www.nocturnus-film.de\\\/home\\\/molekulare-biologie-in-barcelona\\\/#webpage\"},\"isPartOf\":{\"@id\":\"https:\\\/\\\/www.nocturnus-film.de\\\/home\\\/molekulare-biologie-in-barcelona\\\/#webpage\"},\"articleSection\":\"Festivals und Preise, Kurzfilme, News, 2880, comedy, film, kom\\u00f6die, Kurzfilm, science fiction, Video\"},{\"@type\":\"BreadcrumbList\",\"@id\":\"https:\\\/\\\/www.nocturnus-film.de\\\/home\\\/molekulare-biologie-in-barcelona\\\/#breadcrumblist\",\"itemListElement\":[{\"@type\":\"ListItem\",\"@id\":\"https:\\\/\\\/www.nocturnus-film.de\\\/home#listItem\",\"position\":1,\"name\":\"Home\",\"item\":\"https:\\\/\\\/www.nocturnus-film.de\\\/home\",\"nextItem\":{\"@type\":\"ListItem\",\"@id\":\"https:\\\/\\\/www.nocturnus-film.de\\\/home\\\/category\\\/news\\\/#listItem\",\"name\":\"News\"}},{\"@type\":\"ListItem\",\"@id\":\"https:\\\/\\\/www.nocturnus-film.de\\\/home\\\/category\\\/news\\\/#listItem\",\"position\":2,\"name\":\"News\",\"item\":\"https:\\\/\\\/www.nocturnus-film.de\\\/home\\\/category\\\/news\\\/\",\"nextItem\":{\"@type\":\"ListItem\",\"@id\":\"https:\\\/\\\/www.nocturnus-film.de\\\/home\\\/molekulare-biologie-in-barcelona\\\/#listItem\",\"name\":\"Molekulare Biologie in Barcelona!\"},\"previousItem\":{\"@type\":\"ListItem\",\"@id\":\"https:\\\/\\\/www.nocturnus-film.de\\\/home#listItem\",\"name\":\"Home\"}},{\"@type\":\"ListItem\",\"@id\":\"https:\\\/\\\/www.nocturnus-film.de\\\/home\\\/molekulare-biologie-in-barcelona\\\/#listItem\",\"position\":3,\"name\":\"Molekulare Biologie in Barcelona!\",\"previousItem\":{\"@type\":\"ListItem\",\"@id\":\"https:\\\/\\\/www.nocturnus-film.de\\\/home\\\/category\\\/news\\\/#listItem\",\"name\":\"News\"}}]},{\"@type\":\"Person\",\"@id\":\"https:\\\/\\\/www.nocturnus-film.de\\\/home\\\/#person\",\"name\":\"Daniel Raboldt\",\"image\":\"http:\\\/\\\/www.nocturnus-film.de\\\/home\\\/wp-content\\\/uploads\\\/2019\\\/08\\\/Daniel-Raboldt-06.jpg\"},{\"@type\":\"Person\",\"@id\":\"https:\\\/\\\/www.nocturnus-film.de\\\/home\\\/author\\\/admin\\\/#author\",\"url\":\"https:\\\/\\\/www.nocturnus-film.de\\\/home\\\/author\\\/admin\\\/\",\"name\":\"Daniel Raboldt\",\"image\":{\"@type\":\"ImageObject\",\"@id\":\"https:\\\/\\\/www.nocturnus-film.de\\\/home\\\/molekulare-biologie-in-barcelona\\\/#authorImage\",\"url\":\"https:\\\/\\\/secure.gravatar.com\\\/avatar\\\/19fc61250f731c33160980a1f180c46460911ff4bef945639f19c050310ffed5?s=96&d=blank&r=g\",\"width\":96,\"height\":96,\"caption\":\"Daniel Raboldt\"}},{\"@type\":\"WebPage\",\"@id\":\"https:\\\/\\\/www.nocturnus-film.de\\\/home\\\/molekulare-biologie-in-barcelona\\\/#webpage\",\"url\":\"https:\\\/\\\/www.nocturnus-film.de\\\/home\\\/molekulare-biologie-in-barcelona\\\/\",\"name\":\"\\\"Die Molekularbiologin\\\" in Barcelona! | NOCTURNUS FILM\",\"description\":\"Unser Kurzfilm \\\"Die Molekularbiologin\\\" mit Axel Ricke, Maik Evers und Daniel Raboldt ist unter den Finalisten des Fantosfreak Festival in Barcelona!\",\"inLanguage\":\"de-DE\",\"isPartOf\":{\"@id\":\"https:\\\/\\\/www.nocturnus-film.de\\\/home\\\/#website\"},\"breadcrumb\":{\"@id\":\"https:\\\/\\\/www.nocturnus-film.de\\\/home\\\/molekulare-biologie-in-barcelona\\\/#breadcrumblist\"},\"author\":{\"@id\":\"https:\\\/\\\/www.nocturnus-film.de\\\/home\\\/author\\\/admin\\\/#author\"},\"creator\":{\"@id\":\"https:\\\/\\\/www.nocturnus-film.de\\\/home\\\/author\\\/admin\\\/#author\"},\"image\":{\"@type\":\"ImageObject\",\"url\":\"https:\\\/\\\/www.nocturnus-film.de\\\/home\\\/wp-content\\\/uploads\\\/2009\\\/09\\\/Molekuel-Film-Kurzfilm-1-e1456585649380.jpg\",\"@id\":\"https:\\\/\\\/www.nocturnus-film.de\\\/home\\\/molekulare-biologie-in-barcelona\\\/#mainImage\",\"width\":650,\"height\":82},\"primaryImageOfPage\":{\"@id\":\"https:\\\/\\\/www.nocturnus-film.de\\\/home\\\/molekulare-biologie-in-barcelona\\\/#mainImage\"},\"datePublished\":\"2016-07-18T20:38:49+02:00\",\"dateModified\":\"2017-08-24T18:24:47+02:00\"},{\"@type\":\"WebSite\",\"@id\":\"https:\\\/\\\/www.nocturnus-film.de\\\/home\\\/#website\",\"url\":\"https:\\\/\\\/www.nocturnus-film.de\\\/home\\\/\",\"name\":\"NOCTURNUS FILM\",\"description\":\"Film, Animation und VFX in NRW\",\"inLanguage\":\"de-DE\",\"publisher\":{\"@id\":\"https:\\\/\\\/www.nocturnus-film.de\\\/home\\\/#person\"}}]}\n\t\t<\/script>\n\t\t<!-- All in One SEO -->\n\n","aioseo_head_json":{"title":"\"Die Molekularbiologin\" in Barcelona! | NOCTURNUS FILM","description":"Unser Kurzfilm \"Die Molekularbiologin\" mit Axel Ricke, Maik Evers und Daniel Raboldt ist unter den Finalisten des Fantosfreak Festival in Barcelona!","canonical_url":"https:\/\/www.nocturnus-film.de\/home\/molekulare-biologie-in-barcelona\/","robots":"max-image-preview:large","keywords":"fantosfreak,barcelona,filmfestival,kurzfilm,film,scifi,space,biology,science,fantasy,daniel raboldt,maik evers,axel ricke,2880,comedy,kom\u00f6die,science fiction","webmasterTools":{"google-site-verification":"36Q6z7MocUHZk8DOADSLUXWuhJASGq4JsBZ9KhXOGcI","miscellaneous":""},"schema":{"@context":"https:\/\/schema.org","@graph":[{"@type":"Article","@id":"https:\/\/www.nocturnus-film.de\/home\/molekulare-biologie-in-barcelona\/#article","name":"\"Die Molekularbiologin\" in Barcelona! | NOCTURNUS FILM","headline":"Molekulare Biologie in Barcelona!","author":{"@id":"https:\/\/www.nocturnus-film.de\/home\/author\/admin\/#author"},"publisher":{"@id":"https:\/\/www.nocturnus-film.de\/home\/#person"},"image":{"@type":"ImageObject","url":"https:\/\/www.nocturnus-film.de\/home\/wp-content\/uploads\/2009\/09\/Molekuel-Film-Kurzfilm-1-e1456585649380.jpg","width":650,"height":82},"datePublished":"2016-07-18T20:38:49+02:00","dateModified":"2017-08-24T18:24:47+02:00","inLanguage":"de-DE","mainEntityOfPage":{"@id":"https:\/\/www.nocturnus-film.de\/home\/molekulare-biologie-in-barcelona\/#webpage"},"isPartOf":{"@id":"https:\/\/www.nocturnus-film.de\/home\/molekulare-biologie-in-barcelona\/#webpage"},"articleSection":"Festivals und Preise, Kurzfilme, News, 2880, comedy, film, kom\u00f6die, Kurzfilm, science fiction, Video"},{"@type":"BreadcrumbList","@id":"https:\/\/www.nocturnus-film.de\/home\/molekulare-biologie-in-barcelona\/#breadcrumblist","itemListElement":[{"@type":"ListItem","@id":"https:\/\/www.nocturnus-film.de\/home#listItem","position":1,"name":"Home","item":"https:\/\/www.nocturnus-film.de\/home","nextItem":{"@type":"ListItem","@id":"https:\/\/www.nocturnus-film.de\/home\/category\/news\/#listItem","name":"News"}},{"@type":"ListItem","@id":"https:\/\/www.nocturnus-film.de\/home\/category\/news\/#listItem","position":2,"name":"News","item":"https:\/\/www.nocturnus-film.de\/home\/category\/news\/","nextItem":{"@type":"ListItem","@id":"https:\/\/www.nocturnus-film.de\/home\/molekulare-biologie-in-barcelona\/#listItem","name":"Molekulare Biologie in Barcelona!"},"previousItem":{"@type":"ListItem","@id":"https:\/\/www.nocturnus-film.de\/home#listItem","name":"Home"}},{"@type":"ListItem","@id":"https:\/\/www.nocturnus-film.de\/home\/molekulare-biologie-in-barcelona\/#listItem","position":3,"name":"Molekulare Biologie in Barcelona!","previousItem":{"@type":"ListItem","@id":"https:\/\/www.nocturnus-film.de\/home\/category\/news\/#listItem","name":"News"}}]},{"@type":"Person","@id":"https:\/\/www.nocturnus-film.de\/home\/#person","name":"Daniel Raboldt","image":"http:\/\/www.nocturnus-film.de\/home\/wp-content\/uploads\/2019\/08\/Daniel-Raboldt-06.jpg"},{"@type":"Person","@id":"https:\/\/www.nocturnus-film.de\/home\/author\/admin\/#author","url":"https:\/\/www.nocturnus-film.de\/home\/author\/admin\/","name":"Daniel Raboldt","image":{"@type":"ImageObject","@id":"https:\/\/www.nocturnus-film.de\/home\/molekulare-biologie-in-barcelona\/#authorImage","url":"https:\/\/secure.gravatar.com\/avatar\/19fc61250f731c33160980a1f180c46460911ff4bef945639f19c050310ffed5?s=96&d=blank&r=g","width":96,"height":96,"caption":"Daniel Raboldt"}},{"@type":"WebPage","@id":"https:\/\/www.nocturnus-film.de\/home\/molekulare-biologie-in-barcelona\/#webpage","url":"https:\/\/www.nocturnus-film.de\/home\/molekulare-biologie-in-barcelona\/","name":"\"Die Molekularbiologin\" in Barcelona! | NOCTURNUS FILM","description":"Unser Kurzfilm \"Die Molekularbiologin\" mit Axel Ricke, Maik Evers und Daniel Raboldt ist unter den Finalisten des Fantosfreak Festival in Barcelona!","inLanguage":"de-DE","isPartOf":{"@id":"https:\/\/www.nocturnus-film.de\/home\/#website"},"breadcrumb":{"@id":"https:\/\/www.nocturnus-film.de\/home\/molekulare-biologie-in-barcelona\/#breadcrumblist"},"author":{"@id":"https:\/\/www.nocturnus-film.de\/home\/author\/admin\/#author"},"creator":{"@id":"https:\/\/www.nocturnus-film.de\/home\/author\/admin\/#author"},"image":{"@type":"ImageObject","url":"https:\/\/www.nocturnus-film.de\/home\/wp-content\/uploads\/2009\/09\/Molekuel-Film-Kurzfilm-1-e1456585649380.jpg","@id":"https:\/\/www.nocturnus-film.de\/home\/molekulare-biologie-in-barcelona\/#mainImage","width":650,"height":82},"primaryImageOfPage":{"@id":"https:\/\/www.nocturnus-film.de\/home\/molekulare-biologie-in-barcelona\/#mainImage"},"datePublished":"2016-07-18T20:38:49+02:00","dateModified":"2017-08-24T18:24:47+02:00"},{"@type":"WebSite","@id":"https:\/\/www.nocturnus-film.de\/home\/#website","url":"https:\/\/www.nocturnus-film.de\/home\/","name":"NOCTURNUS FILM","description":"Film, Animation und VFX in NRW","inLanguage":"de-DE","publisher":{"@id":"https:\/\/www.nocturnus-film.de\/home\/#person"}}]},"og:locale":"de_DE","og:site_name":"NOCTURNUS FILM | Film, Animation und VFX in NRW","og:type":"article","og:title":"&quot;Die Molekularbiologin&quot; in Barcelona! | NOCTURNUS FILM","og:description":"Unser Kurzfilm &quot;Die Molekularbiologin&quot; mit Axel Ricke, Maik Evers und Daniel Raboldt ist unter den Finalisten des Fantosfreak Festival in Barcelona!","og:url":"https:\/\/www.nocturnus-film.de\/home\/molekulare-biologie-in-barcelona\/","article:published_time":"2016-07-18T18:38:49+00:00","article:modified_time":"2017-08-24T16:24:47+00:00","twitter:card":"summary","twitter:title":"&quot;Die Molekularbiologin&quot; in Barcelona! | NOCTURNUS FILM","twitter:description":"Unser Kurzfilm &quot;Die Molekularbiologin&quot; mit Axel Ricke, Maik Evers und Daniel Raboldt ist unter den Finalisten des Fantosfreak Festival in Barcelona!"},"aioseo_meta_data":{"post_id":"2054","title":"&quot;Die Molekularbiologin&quot; in Barcelona! | #site_title","description":"Unser Kurzfilm &quot;Die Molekularbiologin&quot; mit Axel Ricke, Maik Evers und Daniel Raboldt ist unter den Finalisten des Fantosfreak Festival in Barcelona!","keywords":[{"label":"fantosfreak","value":"fantosfreak"},{"label":"barcelona","value":"barcelona"},{"label":"filmfestival","value":"filmfestival"},{"label":"kurzfilm","value":"kurzfilm"},{"label":"film","value":"film"},{"label":"scifi","value":"scifi"},{"label":"space","value":"space"},{"label":"biology","value":"biology"},{"label":"science","value":"science"},{"label":"fantasy","value":"fantasy"},{"label":"daniel raboldt","value":"daniel raboldt"},{"label":"maik evers","value":"maik evers"},{"label":"axel ricke","value":"axel ricke"},{"label":"maik evers","value":"maik evers"}],"keyphrases":null,"primary_term":null,"canonical_url":null,"og_title":null,"og_description":null,"og_object_type":"default","og_image_type":"default","og_image_url":null,"og_image_width":null,"og_image_height":null,"og_image_custom_url":null,"og_image_custom_fields":null,"og_video":null,"og_custom_url":null,"og_article_section":null,"og_article_tags":null,"twitter_use_og":false,"twitter_card":"default","twitter_image_type":"default","twitter_image_url":null,"twitter_image_custom_url":null,"twitter_image_custom_fields":null,"twitter_title":null,"twitter_description":null,"schema":{"blockGraphs":[],"customGraphs":[],"default":{"data":{"Article":[],"Course":[],"Dataset":[],"FAQPage":[],"Movie":[],"Person":[],"Product":[],"ProductReview":[],"Car":[],"Recipe":[],"Service":[],"SoftwareApplication":[],"WebPage":[]},"graphName":"","isEnabled":true},"graphs":[],"defaultGraph":"","defaultPostTypeGraph":""},"schema_type":null,"schema_type_options":null,"pillar_content":false,"robots_default":true,"robots_noindex":false,"robots_noarchive":false,"robots_nosnippet":false,"robots_nofollow":false,"robots_noimageindex":false,"robots_noodp":false,"robots_notranslate":false,"robots_max_snippet":null,"robots_max_videopreview":null,"robots_max_imagepreview":"large","priority":null,"frequency":null,"location":null,"local_seo":null,"breadcrumb_settings":null,"limit_modified_date":false,"ai":null,"created":"2020-12-22 14:35:39","updated":"2025-06-04 11:58:22","seo_analyzer_scan_date":null,"focus_keyword":null,"additional_keywords":null,"truseo_locale":null},"aioseo_breadcrumb":"<div class=\"aioseo-breadcrumbs\"><span class=\"aioseo-breadcrumb\">\n\t\t\t<a href=\"https:\/\/www.nocturnus-film.de\/home\" title=\"Home\">Home<\/a>\n\t\t<\/span><span class=\"aioseo-breadcrumb-separator\">&raquo;<\/span><span class=\"aioseo-breadcrumb\">\n\t\t\t<a href=\"https:\/\/www.nocturnus-film.de\/home\/category\/news\/\" title=\"News\">News<\/a>\n\t\t<\/span><span class=\"aioseo-breadcrumb-separator\">&raquo;<\/span><span class=\"aioseo-breadcrumb\">\n\t\t\tMolekulare Biologie in Barcelona!\n\t\t<\/span><\/div>","aioseo_breadcrumb_json":[{"label":"Home","link":"https:\/\/www.nocturnus-film.de\/home"},{"label":"News","link":"https:\/\/www.nocturnus-film.de\/home\/category\/news\/"},{"label":"Molekulare Biologie in Barcelona!","link":"https:\/\/www.nocturnus-film.de\/home\/molekulare-biologie-in-barcelona\/"}],"_links":{"self":[{"href":"https:\/\/www.nocturnus-film.de\/home\/wp-json\/wp\/v2\/posts\/2054","targetHints":{"allow":["GET"]}}],"collection":[{"href":"https:\/\/www.nocturnus-film.de\/home\/wp-json\/wp\/v2\/posts"}],"about":[{"href":"https:\/\/www.nocturnus-film.de\/home\/wp-json\/wp\/v2\/types\/post"}],"author":[{"embeddable":true,"href":"https:\/\/www.nocturnus-film.de\/home\/wp-json\/wp\/v2\/users\/1"}],"replies":[{"embeddable":true,"href":"https:\/\/www.nocturnus-film.de\/home\/wp-json\/wp\/v2\/comments?post=2054"}],"version-history":[{"count":4,"href":"https:\/\/www.nocturnus-film.de\/home\/wp-json\/wp\/v2\/posts\/2054\/revisions"}],"predecessor-version":[{"id":2058,"href":"https:\/\/www.nocturnus-film.de\/home\/wp-json\/wp\/v2\/posts\/2054\/revisions\/2058"}],"wp:featuredmedia":[{"embeddable":true,"href":"https:\/\/www.nocturnus-film.de\/home\/wp-json\/wp\/v2\/media\/1753"}],"wp:attachment":[{"href":"https:\/\/www.nocturnus-film.de\/home\/wp-json\/wp\/v2\/media?parent=2054"}],"wp:term":[{"taxonomy":"category","embeddable":true,"href":"https:\/\/www.nocturnus-film.de\/home\/wp-json\/wp\/v2\/categories?post=2054"},{"taxonomy":"post_tag","embeddable":true,"href":"https:\/\/www.nocturnus-film.de\/home\/wp-json\/wp\/v2\/tags?post=2054"}],"curies":[{"name":"wp","href":"https:\/\/api.w.org\/{rel}","templated":true}]}}